{"id":211,"date":"2009-07-25T00:16:43","date_gmt":"2009-07-24T22:16:43","guid":{"rendered":"http:\/\/www.scheiss-software.de\/?p=211"},"modified":"2018-05-15T13:13:47","modified_gmt":"2018-05-15T11:13:47","slug":"geruchte-angst-und-unsicherheit-im-rechtsfreien-raum","status":"publish","type":"post","link":"https:\/\/www.scheiss-software.de\/?p=211","title":{"rendered":"Ger\u00fcchte, Angst und Unsicherheit im rechtsfreien Raum"},"content":{"rendered":"<p>Ich kann die Spr\u00fcche vom &#8220;rechtsfreien Raum&#8221; jetzt schon bald nicht mehr h\u00f6ren. Ich h\u00e4tte dazu noch einiges zu erz\u00e4hlen&#8230; es gab in den letzten Jahren ja durchaus Vorderungen &#8220;aus dem Netz&#8221; nach Gesetzen f\u00fcr mehr Rechtssicherheit im Internet&#8230; so ist es ja nicht, aber dazu vielleicht in einem anderen Eintrag mal mehr&#8230;<\/p>\n<p>Am 17. Juli schreibe ich noch \u00fcber &#8220;<a href=\"https:\/\/www.scheiss-software.de\/?p=194\">Die Sperrliste<\/a>&#8221; und was lesen wir am 22. Juli bei heise.de?<\/p>\n<p><strong><a href=\"http:\/\/www.heise.de\/newsticker\/Provider-dementieren-Geruechte-ueber-bereits-aktive-Web-Sperren--\/meldung\/142444\">Provider dementieren Ger\u00fcchte \u00fcber bereits aktive Web-Sperren<\/a><\/strong><\/p>\n<blockquote><p>\nArcor\/Vodafone und die Deutsche Telekom haben eine Meldung aus dem Umkreis des Chaos Computer Clubs (CCC) entschieden von sich gewiesen, dass die umk\u00e4mpften Blockaden kinderpornographischer Seiten in ihren Netzen schon in Kraft seien. <\/p><\/blockquote>\n<p>So in etwa habe ich mir das vorgestellt, solche Meldungen sehen wir die n\u00e4chsten Jahre immer wieder. Bin gespannt wann so mancher Anbieter von Schmuddel-Seiten auf die Idee kommt dies als Werbe-Plattform zu missbrauchen. Einfach kurz auf Twitter das Ger\u00fccht streuen www.geiletitten.de is down, schon schreit die ganze Welt <strong>Z E N S U R<\/strong>. Oder noch besser, ein PsyOps Angriff des BKA auf Islamisten-Seiten. Ger\u00fccht streuen www.al-qaida.de is down, jeder geht nachkucken und die Site geht im DDOS in die Knie.<\/p>\n<p>Aber mal Spass bei Seite. Wir stehen in meinen Augen wirklich an einem Punkt wo ein vielleicht gut gemeintes Gesetz in der Realit\u00e4t v\u00f6llig kontraproduktiv wird. Wir haben einen permanenten Zustand von Unsicherheit und Angst. Und was ist die Folge davon? Die Leute haben Angst und die Polizei wird als Ermittlungsbeh\u00f6rde nicht mehr angenommen, d.h. die Leute trauen sich nicht mehr F\u00e4lle von Kinderpornographie im Internet zu melden. Falls ich mit meiner Vermutung richtig liegen sollte, w\u00e4re das verdammt tragisch! Dann sind wir n\u00e4mlich genau da wo wir vor 10 Jahren mal angefangen hatten.<\/p>\n<p>Drei zus\u00e4tzliche Meldungen dieser Woche haben mich bei diesem Eindruck leider best\u00e4rkt.<\/p>\n<p>Augsburger Allgemeine: <a href=\"http:\/\/www.augsburger-allgemeine.de\/Home\/Nachrichten\/Aus-aller-Welt\/Artikel,-Spezialkommando-stuermt-falsche-Tuer-_arid,1754811_regid,2_puid,2_pageid,4293.html\">Falsche T\u00fcr eingetreten<\/a><\/p>\n<blockquote><p>\nNach einer Amokdrohung im Internet haben Polizisten in Recklinghausen die falsche T\u00fcr eingetreten. Der Einsatz hat f\u00fcr die Beamten des Spezialeinsatzkommandos (SEK) aus M\u00fcnster ein Nachspiel&#8230;\n<\/p><\/blockquote>\n<p>Hintergrund war, das ein Nachbar die Amokdrohung \u00fcber das ungesicherte Funknetzwerk des vermeintlichen Amokl\u00e4ufers abgegeben hatte. Das erinnert mich irgendwie die Sauerland-Zelle. Oder wie es der Verfassungschutz in &#8220;<a href=\"http:\/\/www.verfassungsschutz.de\/download\/de\/publikationen\/allgemeine_infos\/broschuere_6_0812_symposium_2008\/symp_2008.pdf\">Terrorismusbek\u00e4mpfung in Europa Herausforderung f\u00fcr die Nachrichtendienste<\/a>&#8221; schreibt:<\/p>\n<blockquote><p>\n&#8230;Dar\u00fcber hinaus nutzen die Tatverd\u00e4chtigen nicht gesch\u00fctzte WLAN-Zug\u00e4nge unbeteiligter Dritter f\u00fcr die eigene Kommunikation, um die eigene Identit\u00e4t zu verschleiern und sich einer \u00dcberwachung zu entziehen&#8230;<\/p><\/blockquote>\n<p>Mit zunehmendem Zugriff auf Informationen aus der Vorratsdatenspeicherung werden wir solche F\u00e4lle ebenfalls noch viel \u00f6fter als in der Vergangenheit sehen. Ehm, und nebenbei bemerkt&#8230; die zur Sicherung von WLANs eingesetzten Verfahren w\u00fcrde ich jetzt nicht umbedingt als <strong>wirklich sicher<\/strong> bezeichnen! Wie man z.B. hier nachlesen kann:<\/p>\n<ul>\n<li>heise.de: <a href=\"http:\/\/www.heise.de\/security\/Angriffe-auf-WPA--\/artikel\/53014\">Angriffe auf WPA &#8211; Schwache Passw\u00f6rter gef\u00e4hrden Wi-Fi Protected Access<\/a><\/li>\n<li><a href=\"http:\/\/blogs.zdnet.com\/security\/?p=826\">Don&#8217;t assume WPA2 is more secure than WPA<\/a><\/li>\n<\/ul>\n<p>Aber es gibt ja noch mehr dolle Pannen&#8230;<\/p>\n<p><strong>Sie wissen nicht was ein HTTP-Referrer ist?<\/strong><br \/>\nMacht nix, die Staatssch\u00fctzer beim BKA wissen es offenbar auch net! Anders ist die Geschichte &#8220;<a href=\"http:\/\/blog.pantoffelpunk.de\/gastbeitrag\/bka-beim-knuetteln-anamorph\">BKA: Beim Kn\u00fctteln anamorph<\/a>&#8221; im Blog von Pantoffelpunk wohl nicht zu erkl\u00e4ren (PsyOps?).<\/p>\n<p>Und f\u00fcr das Wort <strong>Internetausdrucker<\/strong> gibt es jetzt Beweise! Als Opfer muss die 16-j\u00e4hrige Nastassia Kinski herhalten&#8230; unter anderem im Blog von Deutschlandpolitik: &#8220;<a href=\"http:\/\/deutschlandpolitik.wordpress.com\/2009\/07\/24\/unsere-internetausdrucker\/\">Unsere Internetausdrucker<\/a>&#8220;.<\/p>\n<p>Ich m\u00f6chte an dieser Stelle nochmal klar machen, das ich nichts gegen die Polizei habe, ganz im Gegenteil! F\u00fcr mich ist es fast schon peinlich von &#8220;rechtsfreiem Raum&#8221; zu sprechen obwohl sich ganz klar zeigt das wir keine neuen Gesetze brauchen, das ist doch alles nur Papier! Wir brauchen echte Polizisten mit Know-How die echte Verbrecher wirkungsvoll bek\u00e4mpfen k\u00f6nnen, ob das im Netz oder auf der Stra\u00dfe ist! <\/p>\n<p>So und zum Abschluss gibts, passend zum Thema Internetausdrucker, nochmal was zu lachen, Youtube-Video: <a href=\"https:\/\/youtu.be\/Y4xvFXPNrI4\">https:\/\/youtu.be\/Y4xvFXPNrI4<\/a>.<\/p>\n<p>So und nun bin ich noch gespannt auf die Demo heute in Karlsruhe!<\/p>\n","protected":false},"excerpt":{"rendered":"<p>Ich kann die Spr\u00fcche vom &#8220;rechtsfreien Raum&#8221; jetzt schon bald nicht mehr h\u00f6ren. Ich h\u00e4tte dazu noch einiges zu erz\u00e4hlen&#8230; es gab in den letzten Jahren ja durchaus Vorderungen &#8220;aus dem Netz&#8221; nach Gesetzen f\u00fcr mehr Rechtssicherheit im Internet&#8230; so ist es ja nicht, aber dazu vielleicht in einem anderen Eintrag mal mehr&#8230; Am 17. &hellip; <\/p>\n<p class=\"link-more\"><a href=\"https:\/\/www.scheiss-software.de\/?p=211\" class=\"more-link\">Continue reading<span class=\"screen-reader-text\"> &#8220;Ger\u00fcchte, Angst und Unsicherheit im rechtsfreien Raum&#8221;<\/span><\/a><\/p>\n","protected":false},"author":2,"featured_media":0,"comment_status":"open","ping_status":"open","sticky":false,"template":"","format":"standard","meta":[],"categories":[6],"tags":[31,14,4],"_links":{"self":[{"href":"https:\/\/www.scheiss-software.de\/index.php?rest_route=\/wp\/v2\/posts\/211"}],"collection":[{"href":"https:\/\/www.scheiss-software.de\/index.php?rest_route=\/wp\/v2\/posts"}],"about":[{"href":"https:\/\/www.scheiss-software.de\/index.php?rest_route=\/wp\/v2\/types\/post"}],"author":[{"embeddable":true,"href":"https:\/\/www.scheiss-software.de\/index.php?rest_route=\/wp\/v2\/users\/2"}],"replies":[{"embeddable":true,"href":"https:\/\/www.scheiss-software.de\/index.php?rest_route=%2Fwp%2Fv2%2Fcomments&post=211"}],"version-history":[{"count":6,"href":"https:\/\/www.scheiss-software.de\/index.php?rest_route=\/wp\/v2\/posts\/211\/revisions"}],"predecessor-version":[{"id":747,"href":"https:\/\/www.scheiss-software.de\/index.php?rest_route=\/wp\/v2\/posts\/211\/revisions\/747"}],"wp:attachment":[{"href":"https:\/\/www.scheiss-software.de\/index.php?rest_route=%2Fwp%2Fv2%2Fmedia&parent=211"}],"wp:term":[{"taxonomy":"category","embeddable":true,"href":"https:\/\/www.scheiss-software.de\/index.php?rest_route=%2Fwp%2Fv2%2Fcategories&post=211"},{"taxonomy":"post_tag","embeddable":true,"href":"https:\/\/www.scheiss-software.de\/index.php?rest_route=%2Fwp%2Fv2%2Ftags&post=211"}],"curies":[{"name":"wp","href":"https:\/\/api.w.org\/{rel}","templated":true}]}}